{"id":6371,"date":"2025-03-26T10:21:29","date_gmt":"2025-03-26T10:21:29","guid":{"rendered":"https:\/\/moulinsaintmichel.net\/la-fete-de-lolivier-en-provence-celebrer-un-arbre-sacre"},"modified":"2025-03-26T10:21:29","modified_gmt":"2025-03-26T10:21:29","slug":"la-fete-de-lolivier-en-provence-celebrer-un-arbre-sacre","status":"publish","type":"post","link":"https:\/\/moulinsaintmichel.net\/en\/la-fete-de-lolivier-en-provence-celebrer-un-arbre-sacre","title":{"rendered":"La F\u00eate de l&#8217;Olivier en Provence : C\u00e9l\u00e9brer un Arbre Sacr\u00e9"},"content":{"rendered":"<h2>La F\u00eate de l&#8217;Olivier en Provence : C\u00e9l\u00e9brer un Arbre Sacr\u00e9<\/h2>\n<p>L&#8217;olivier, cet arbre embl\u00e9matique de la M\u00e9diterran\u00e9e, est c\u00e9l\u00e9br\u00e9 chaque ann\u00e9e en Provence lors de la <strong>F\u00eate de l&#8217;Olivier<\/strong>. Cette manifestation devient un \u00e9v\u00e9nement incontournable pour tous les passionn\u00e9s de cet arbre mill\u00e9naire et ses produits d\u00e9riv\u00e9s, notamment l&#8217;huile d&#8217;olive. Laissez-nous vous guider \u00e0 travers cette f\u00eate o\u00f9 <a href=\"https:\/\/moulinsaintmichel.net\/\">le Moulin Saint Michel<\/a>, un acteur incontournable du terroir proven\u00e7al, joue un r\u00f4le central.<\/p>\n<h2>D\u00e9couverte d&#8217;une Tradition Proven\u00e7ale<\/h2>\n<h3>Une C\u00e9l\u00e9bration Ancestrale<\/h3>\n<p>La F\u00eate de l&#8217;Olivier met en lumi\u00e8re le lien profond entre la culture proven\u00e7ale et l&#8217;olivier. Cet arbre, symbolisant la paix et l&#8217;abondance, est un pilier de l&#8217;agriculture r\u00e9gionale. Depuis des si\u00e8cles, les oliveraies dessinent les paysages arides et ensoleill\u00e9s de Provence.<\/p>\n<h3>Moulin Saint Michel : Un H\u00e9ritage \u00e0 Partager<\/h3>\n<p><a href=\"https:\/\/moulinsaintmichel.net\/moulin-saint-michel-preserve-heritage-ancestral\"><strong>Le Moulin Saint Michel<\/strong><\/a>, avec sa longue histoire remontant \u00e0 1744, est un t\u00e9moin vivant de cette tradition. R\u00e9put\u00e9 pour sa production d&#8217;huile d&#8217;olive de grande qualit\u00e9, il pr\u00e9serve les m\u00e9thodes ancestrales dans la fabrication de ce pr\u00e9cieux nectar.<\/p>\n<h2>Les \u00c9tapes Incontournables de la F\u00eate<\/h2>\n<h3>1. Visites Guid\u00e9es du Moulin<\/h3>\n<p>D\u00e9couvrez les secrets de fabrication de l&#8217;huile d&#8217;olive au cours de visites guid\u00e9es passionnantes. Vous serez immerg\u00e9 dans l&#8217;univers des ma\u00eetres mouliniers qui transmettent leur savoir-faire de g\u00e9n\u00e9ration en g\u00e9n\u00e9ration.<\/p>\n<h3>2. D\u00e9gustations et Associations Gourmandes<\/h3>\n<p>Participez \u00e0 des <a href=\"https:\/\/moulinsaintmichel.net\/huiles-olive-associer-saveurs-plats\">ateliers de d\u00e9gustation<\/a> o\u00f9 l&#8217;on apprend \u00e0 associer les diff\u00e9rentes vari\u00e9t\u00e9s d&#8217;huile d&#8217;olive \u00e0 divers plats. Explorez des saveurs uniques et apprenez \u00e0 sublimer vos plats du quotidien.<\/p>\n<h3>3. March\u00e9 Local de Produits du Terroir<\/h3>\n<p>Profitez d&#8217;un march\u00e9 foisonnant de produits locaux o\u00f9 l&#8217;olive est reine. D\u00e9couvrez des tapenades, savons et, bien s\u00fbr, les huiles d&#8217;olive exceptionnelles du <a href=\"https:\/\/moulinsaintmichel.net\/\">Moulin Saint Michel<\/a>.<\/p>\n<h2>Pourquoi Participer \u00e0 la F\u00eate de l&#8217;Olivier ?<\/h2>\n<h3>Une Inspiration Pour Chez Vous<\/h3>\n<p>Nombreux sont ceux qui, apr\u00e8s avoir assist\u00e9 \u00e0 cette f\u00eate, choisissent d&#8217;incorporer l&#8217;huile d&#8217;olive dans leur quotidien. L\u2019impact de cet ingr\u00e9dient se ressent autant en cuisine que dans le bien-\u00eatre de chacun. Pour en savoir plus sur les <a href=\"https:\/\/moulinsaintmichel.net\/bienfaits-huile-olive-extra-vierge-vallee-baux\"><strong>bienfaits de l&#8217;huile d&#8217;olive<\/strong><\/a>, une exploration s&#8217;impose.<\/p>\n<h3>Un Investissement dans un Terroir Durable<\/h3>\n<p>En participant \u00e0 la F\u00eate de l&#8217;Olivier, vous soutenez le d\u00e9veloppement durable et l&#8217;\u00e9conomie locale. Faire l&#8217;exp\u00e9rience de ces traditions permet de mieux comprendre l&#8217;importance de pr\u00e9server les m\u00e9thodes traditionnelles plut\u00f4t que d&#8217;opter pour l\u2019industrialisation \u00e0 outrance.<\/p>\n<h2>Utilisations Vari\u00e9es de l&#8217;Huile d&#8217;Olive<\/h2>\n<h3>1. En Cuisine<\/h3>\n<ul>\n<li><strong>Vinaigrettes et Marinades :<\/strong> L&#8217;huile d&#8217;olive apporte du go\u00fbt et des <strong>bienfaits nutritionnels<\/strong> in\u00e9gal\u00e9s.<\/li>\n<li><strong>Cuisson :<\/strong> Contrairement aux id\u00e9es re\u00e7ues, elle est id\u00e9ale pour la cuisson \u00e0 haute temp\u00e9rature.<\/li>\n<\/ul>\n<h3>2. Dans les Soins de Beaut\u00e9<\/h3>\n<ul>\n<li><strong>Soins Capillaires :<\/strong> Une touche d&#8217;huile sur les pointes nourrit et prot\u00e8ge vos cheveux.<\/li>\n<li><strong>Hydratation de la Peau :<\/strong> Ses propri\u00e9t\u00e9s nourrissantes soulagent la peau s\u00e8che.<\/li>\n<\/ul>\n<h3>3. Pour la Maison<\/h3>\n<ul>\n<li><strong>Entretien de la Bois :<\/strong> Un rem\u00e8de naturel pour lustrer vos meubles en bois.<\/li>\n<li><strong>Effaceur de Taches :<\/strong> Utilis\u00e9 pour \u00e9liminer certaines marques tenaces.<\/li>\n<\/ul>\n<h2>\u00c9tude de Cas : La R\u00e9ussite du Moulin Saint Michel<\/h2>\n<p>Lan\u00e7ons-nous dans une \u00e9tude de cas concr\u00e8te pour comprendre comment le <strong>Moulin Saint Michel<\/strong> a su s&#8217;imposer comme une r\u00e9f\u00e9rence en mati\u00e8re d&#8217;huile d&#8217;olive. Gr\u00e2ce \u00e0 une strat\u00e9gie alliant tradition et innovation, il a su d\u00e9velopper des produits qui respectent les principes du d\u00e9veloppement durable tout en r\u00e9pondant aux attentes du consommateur moderne.<\/p>\n<ol>\n<li><strong>Connaissance et Respect du Terroir :<\/strong> Utilisation exclusive des olives de la vall\u00e9e des Baux.<\/li>\n<li><strong>Innovation et Qualit\u00e9 :<\/strong> Mise en avant de m\u00e9thodes de pressage \u00e0 froid pour garantir la qualit\u00e9 des huiles.<\/li>\n<li><strong>Engagement Communautaire :<\/strong> Organisation de rencontres \u00e9ducatives pour sensibiliser \u00e0 l&#8217;olivier et ses bienfaits.<\/li>\n<\/ol>\n<p>En conclusion, la F\u00eate de l&#8217;Olivier est bien plus qu&#8217;une simple f\u00eate, c&#8217;est un hommage \u00e0 un arbre sacr\u00e9 et \u00e0 un patrimoine culturel. En visitant, vous enrichissez votre connaissance du savoir-faire proven\u00e7al et trouvez inspiration pour votre quotidien chez vous. Le <a href=\"https:\/\/moulinsaintmichel.net\/\">Moulin Saint Michel<\/a> \u00e9l\u00e8ve cette c\u00e9l\u00e9bration au rang d&#8217;exp\u00e9rience inoubliable, m\u00ealant histoire, gastronomie et convivialit\u00e9.<\/p>\n","protected":false},"excerpt":{"rendered":"<p>La F\u00eate de l&#8217;Olivier en Provence : C\u00e9l\u00e9brer un Arbre Sacr\u00e9 L&#8217;olivier, cet arbre embl\u00e9matique de la M\u00e9diterran\u00e9e, est c\u00e9l\u00e9br\u00e9 chaque ann\u00e9e en Provence lors de la F\u00eate de l&#8217;Olivier. Cette manifestation devient un \u00e9v\u00e9nement incontournable pour tous les passionn\u00e9s de cet arbre mill\u00e9naire et ses produits d\u00e9riv\u00e9s, notamment l&#8217;huile d&#8217;olive. Laissez-nous vous guider \u00e0 [&hellip;]<\/p>\n","protected":false},"author":1,"featured_media":0,"comment_status":"closed","ping_status":"closed","sticky":false,"template":"","format":"standard","meta":{"_acf_changed":false,"footnotes":""},"categories":[105],"tags":[],"class_list":["post-6371","post","type-post","status-publish","format-standard","hentry","category-culture-et-traditions-autour-de-lolivier"],"acf":[],"yoast_head":"<!-- This site is optimized with the Yoast SEO plugin v27.5 - https:\/\/yoast.com\/product\/yoast-seo-wordpress\/ -->\n<title>La F\u00eate de l&#039;Olivier en Provence : C\u00e9l\u00e9brer un Arbre Sacr\u00e9 - Le Moulin Saint Michel<\/title>\n<meta name=\"description\" content=\"La F\u00eate de l&#039;Olivier en Provence : C\u00e9l\u00e9brer un Arbre Sacr\u00e9 | Le Moulin Saint Michel : Producteur local d&#039;huiles d&#039;olive aux Baux de Provence.\" \/>\n<meta name=\"robots\" content=\"index, follow, max-snippet:-1, max-image-preview:large, max-video-preview:-1\" \/>\n<link rel=\"canonical\" href=\"https:\/\/moulinsaintmichel.net\/en\/la-fete-de-lolivier-en-provence-celebrer-un-arbre-sacre\" \/>\n<meta property=\"og:locale\" content=\"en_US\" \/>\n<meta property=\"og:type\" content=\"article\" \/>\n<meta property=\"og:title\" content=\"La F\u00eate de l&#039;Olivier en Provence : C\u00e9l\u00e9brer un Arbre Sacr\u00e9 - Le Moulin Saint Michel\" \/>\n<meta property=\"og:description\" content=\"La F\u00eate de l&#039;Olivier en Provence : C\u00e9l\u00e9brer un Arbre Sacr\u00e9 | Le Moulin Saint Michel : Producteur local d&#039;huiles d&#039;olive aux Baux de Provence.\" \/>\n<meta property=\"og:url\" content=\"https:\/\/moulinsaintmichel.net\/en\/la-fete-de-lolivier-en-provence-celebrer-un-arbre-sacre\" \/>\n<meta property=\"og:site_name\" content=\"Le Moulin Saint Michel\" \/>\n<meta property=\"article:published_time\" content=\"2025-03-26T10:21:29+00:00\" \/>\n<meta name=\"author\" content=\"Bertrand\" \/>\n<meta name=\"twitter:card\" content=\"summary_large_image\" \/>\n<meta name=\"twitter:label1\" content=\"Written by\" \/>\n\t<meta name=\"twitter:data1\" content=\"Bertrand\" \/>\n\t<meta name=\"twitter:label2\" content=\"Est. reading time\" \/>\n\t<meta name=\"twitter:data2\" content=\"4 minutes\" \/>\n<script type=\"application\/ld+json\" class=\"yoast-schema-graph\">{\"@context\":\"https:\\\/\\\/schema.org\",\"@graph\":[{\"@type\":\"Article\",\"@id\":\"https:\\\/\\\/moulinsaintmichel.net\\\/en\\\/la-fete-de-lolivier-en-provence-celebrer-un-arbre-sacre#article\",\"isPartOf\":{\"@id\":\"https:\\\/\\\/moulinsaintmichel.net\\\/en\\\/la-fete-de-lolivier-en-provence-celebrer-un-arbre-sacre\"},\"author\":{\"name\":\"Bertrand\",\"@id\":\"https:\\\/\\\/moulinsaintmichel.net\\\/en#\\\/schema\\\/person\\\/75978a27c29dc05e8aa1e2fc647655ef\"},\"headline\":\"La F\u00eate de l&#8217;Olivier en Provence : C\u00e9l\u00e9brer un Arbre Sacr\u00e9\",\"datePublished\":\"2025-03-26T10:21:29+00:00\",\"mainEntityOfPage\":{\"@id\":\"https:\\\/\\\/moulinsaintmichel.net\\\/en\\\/la-fete-de-lolivier-en-provence-celebrer-un-arbre-sacre\"},\"wordCount\":765,\"articleSection\":[\"Culture et traditions autour de l'olivier\"],\"inLanguage\":\"en-US\"},{\"@type\":\"WebPage\",\"@id\":\"https:\\\/\\\/moulinsaintmichel.net\\\/en\\\/la-fete-de-lolivier-en-provence-celebrer-un-arbre-sacre\",\"url\":\"https:\\\/\\\/moulinsaintmichel.net\\\/en\\\/la-fete-de-lolivier-en-provence-celebrer-un-arbre-sacre\",\"name\":\"La F\u00eate de l'Olivier en Provence : C\u00e9l\u00e9brer un Arbre Sacr\u00e9 - Le Moulin Saint Michel\",\"isPartOf\":{\"@id\":\"https:\\\/\\\/moulinsaintmichel.net\\\/en#website\"},\"datePublished\":\"2025-03-26T10:21:29+00:00\",\"author\":{\"@id\":\"https:\\\/\\\/moulinsaintmichel.net\\\/en#\\\/schema\\\/person\\\/75978a27c29dc05e8aa1e2fc647655ef\"},\"description\":\"La F\u00eate de l'Olivier en Provence : C\u00e9l\u00e9brer un Arbre Sacr\u00e9 | Le Moulin Saint Michel : Producteur local d'huiles d'olive aux Baux de Provence.\",\"breadcrumb\":{\"@id\":\"https:\\\/\\\/moulinsaintmichel.net\\\/en\\\/la-fete-de-lolivier-en-provence-celebrer-un-arbre-sacre#breadcrumb\"},\"inLanguage\":\"en-US\",\"potentialAction\":[{\"@type\":\"ReadAction\",\"target\":[\"https:\\\/\\\/moulinsaintmichel.net\\\/en\\\/la-fete-de-lolivier-en-provence-celebrer-un-arbre-sacre\"]}]},{\"@type\":\"BreadcrumbList\",\"@id\":\"https:\\\/\\\/moulinsaintmichel.net\\\/en\\\/la-fete-de-lolivier-en-provence-celebrer-un-arbre-sacre#breadcrumb\",\"itemListElement\":[{\"@type\":\"ListItem\",\"position\":1,\"name\":\"Accueil\",\"item\":\"https:\\\/\\\/moulinsaintmichel.net\\\/en\"},{\"@type\":\"ListItem\",\"position\":2,\"name\":\"La F\u00eate de l&rsquo;Olivier en Provence : C\u00e9l\u00e9brer un Arbre Sacr\u00e9\"}]},{\"@type\":\"WebSite\",\"@id\":\"https:\\\/\\\/moulinsaintmichel.net\\\/en#website\",\"url\":\"https:\\\/\\\/moulinsaintmichel.net\\\/en\",\"name\":\"Le Moulin Saint Michel\",\"description\":\"Achetez les produits d&#039;un moulin rempli d&#039;histoire\",\"potentialAction\":[{\"@type\":\"SearchAction\",\"target\":{\"@type\":\"EntryPoint\",\"urlTemplate\":\"https:\\\/\\\/moulinsaintmichel.net\\\/en?s={search_term_string}\"},\"query-input\":{\"@type\":\"PropertyValueSpecification\",\"valueRequired\":true,\"valueName\":\"search_term_string\"}}],\"inLanguage\":\"en-US\"},{\"@type\":\"Person\",\"@id\":\"https:\\\/\\\/moulinsaintmichel.net\\\/en#\\\/schema\\\/person\\\/75978a27c29dc05e8aa1e2fc647655ef\",\"name\":\"Bertrand\",\"image\":{\"@type\":\"ImageObject\",\"inLanguage\":\"en-US\",\"@id\":\"https:\\\/\\\/secure.gravatar.com\\\/avatar\\\/184b3aaae0dd6f3055b37793ad398e9d6ec9605b76f21a513a72004092af87a4?s=96&d=mm&r=g\",\"url\":\"https:\\\/\\\/secure.gravatar.com\\\/avatar\\\/184b3aaae0dd6f3055b37793ad398e9d6ec9605b76f21a513a72004092af87a4?s=96&d=mm&r=g\",\"contentUrl\":\"https:\\\/\\\/secure.gravatar.com\\\/avatar\\\/184b3aaae0dd6f3055b37793ad398e9d6ec9605b76f21a513a72004092af87a4?s=96&d=mm&r=g\",\"caption\":\"Bertrand\"},\"sameAs\":[\"http:\\\/\\\/refonte.moulinsaintmichel.net\"]}]}<\/script>\n<!-- \/ Yoast SEO plugin. -->","yoast_head_json":{"title":"La F\u00eate de l'Olivier en Provence : C\u00e9l\u00e9brer un Arbre Sacr\u00e9 - Le Moulin Saint Michel","description":"La F\u00eate de l'Olivier en Provence : C\u00e9l\u00e9brer un Arbre Sacr\u00e9 | Le Moulin Saint Michel : Producteur local d'huiles d'olive aux Baux de Provence.","robots":{"index":"index","follow":"follow","max-snippet":"max-snippet:-1","max-image-preview":"max-image-preview:large","max-video-preview":"max-video-preview:-1"},"canonical":"https:\/\/moulinsaintmichel.net\/en\/la-fete-de-lolivier-en-provence-celebrer-un-arbre-sacre","og_locale":"en_US","og_type":"article","og_title":"La F\u00eate de l'Olivier en Provence : C\u00e9l\u00e9brer un Arbre Sacr\u00e9 - Le Moulin Saint Michel","og_description":"La F\u00eate de l'Olivier en Provence : C\u00e9l\u00e9brer un Arbre Sacr\u00e9 | Le Moulin Saint Michel : Producteur local d'huiles d'olive aux Baux de Provence.","og_url":"https:\/\/moulinsaintmichel.net\/en\/la-fete-de-lolivier-en-provence-celebrer-un-arbre-sacre","og_site_name":"Le Moulin Saint Michel","article_published_time":"2025-03-26T10:21:29+00:00","author":"Bertrand","twitter_card":"summary_large_image","twitter_misc":{"Written by":"Bertrand","Est. reading time":"4 minutes"},"schema":{"@context":"https:\/\/schema.org","@graph":[{"@type":"Article","@id":"https:\/\/moulinsaintmichel.net\/en\/la-fete-de-lolivier-en-provence-celebrer-un-arbre-sacre#article","isPartOf":{"@id":"https:\/\/moulinsaintmichel.net\/en\/la-fete-de-lolivier-en-provence-celebrer-un-arbre-sacre"},"author":{"name":"Bertrand","@id":"https:\/\/moulinsaintmichel.net\/en#\/schema\/person\/75978a27c29dc05e8aa1e2fc647655ef"},"headline":"La F\u00eate de l&#8217;Olivier en Provence : C\u00e9l\u00e9brer un Arbre Sacr\u00e9","datePublished":"2025-03-26T10:21:29+00:00","mainEntityOfPage":{"@id":"https:\/\/moulinsaintmichel.net\/en\/la-fete-de-lolivier-en-provence-celebrer-un-arbre-sacre"},"wordCount":765,"articleSection":["Culture et traditions autour de l'olivier"],"inLanguage":"en-US"},{"@type":"WebPage","@id":"https:\/\/moulinsaintmichel.net\/en\/la-fete-de-lolivier-en-provence-celebrer-un-arbre-sacre","url":"https:\/\/moulinsaintmichel.net\/en\/la-fete-de-lolivier-en-provence-celebrer-un-arbre-sacre","name":"La F\u00eate de l'Olivier en Provence : C\u00e9l\u00e9brer un Arbre Sacr\u00e9 - Le Moulin Saint Michel","isPartOf":{"@id":"https:\/\/moulinsaintmichel.net\/en#website"},"datePublished":"2025-03-26T10:21:29+00:00","author":{"@id":"https:\/\/moulinsaintmichel.net\/en#\/schema\/person\/75978a27c29dc05e8aa1e2fc647655ef"},"description":"La F\u00eate de l'Olivier en Provence : C\u00e9l\u00e9brer un Arbre Sacr\u00e9 | Le Moulin Saint Michel : Producteur local d'huiles d'olive aux Baux de Provence.","breadcrumb":{"@id":"https:\/\/moulinsaintmichel.net\/en\/la-fete-de-lolivier-en-provence-celebrer-un-arbre-sacre#breadcrumb"},"inLanguage":"en-US","potentialAction":[{"@type":"ReadAction","target":["https:\/\/moulinsaintmichel.net\/en\/la-fete-de-lolivier-en-provence-celebrer-un-arbre-sacre"]}]},{"@type":"BreadcrumbList","@id":"https:\/\/moulinsaintmichel.net\/en\/la-fete-de-lolivier-en-provence-celebrer-un-arbre-sacre#breadcrumb","itemListElement":[{"@type":"ListItem","position":1,"name":"Accueil","item":"https:\/\/moulinsaintmichel.net\/en"},{"@type":"ListItem","position":2,"name":"La F\u00eate de l&rsquo;Olivier en Provence : C\u00e9l\u00e9brer un Arbre Sacr\u00e9"}]},{"@type":"WebSite","@id":"https:\/\/moulinsaintmichel.net\/en#website","url":"https:\/\/moulinsaintmichel.net\/en","name":"Le Moulin Saint Michel","description":"Achetez les produits d&#039;un moulin rempli d&#039;histoire","potentialAction":[{"@type":"SearchAction","target":{"@type":"EntryPoint","urlTemplate":"https:\/\/moulinsaintmichel.net\/en?s={search_term_string}"},"query-input":{"@type":"PropertyValueSpecification","valueRequired":true,"valueName":"search_term_string"}}],"inLanguage":"en-US"},{"@type":"Person","@id":"https:\/\/moulinsaintmichel.net\/en#\/schema\/person\/75978a27c29dc05e8aa1e2fc647655ef","name":"Bertrand","image":{"@type":"ImageObject","inLanguage":"en-US","@id":"https:\/\/secure.gravatar.com\/avatar\/184b3aaae0dd6f3055b37793ad398e9d6ec9605b76f21a513a72004092af87a4?s=96&d=mm&r=g","url":"https:\/\/secure.gravatar.com\/avatar\/184b3aaae0dd6f3055b37793ad398e9d6ec9605b76f21a513a72004092af87a4?s=96&d=mm&r=g","contentUrl":"https:\/\/secure.gravatar.com\/avatar\/184b3aaae0dd6f3055b37793ad398e9d6ec9605b76f21a513a72004092af87a4?s=96&d=mm&r=g","caption":"Bertrand"},"sameAs":["http:\/\/refonte.moulinsaintmichel.net"]}]}},"_links":{"self":[{"href":"https:\/\/moulinsaintmichel.net\/en\/wp-json\/wp\/v2\/posts\/6371","targetHints":{"allow":["GET"]}}],"collection":[{"href":"https:\/\/moulinsaintmichel.net\/en\/wp-json\/wp\/v2\/posts"}],"about":[{"href":"https:\/\/moulinsaintmichel.net\/en\/wp-json\/wp\/v2\/types\/post"}],"author":[{"embeddable":true,"href":"https:\/\/moulinsaintmichel.net\/en\/wp-json\/wp\/v2\/users\/1"}],"replies":[{"embeddable":true,"href":"https:\/\/moulinsaintmichel.net\/en\/wp-json\/wp\/v2\/comments?post=6371"}],"version-history":[{"count":0,"href":"https:\/\/moulinsaintmichel.net\/en\/wp-json\/wp\/v2\/posts\/6371\/revisions"}],"wp:attachment":[{"href":"https:\/\/moulinsaintmichel.net\/en\/wp-json\/wp\/v2\/media?parent=6371"}],"wp:term":[{"taxonomy":"category","embeddable":true,"href":"https:\/\/moulinsaintmichel.net\/en\/wp-json\/wp\/v2\/categories?post=6371"},{"taxonomy":"post_tag","embeddable":true,"href":"https:\/\/moulinsaintmichel.net\/en\/wp-json\/wp\/v2\/tags?post=6371"}],"curies":[{"name":"wp","href":"https:\/\/api.w.org\/{rel}","templated":true}]}}