{"id":5949,"date":"2025-01-08T10:21:57","date_gmt":"2025-01-08T10:21:57","guid":{"rendered":"https:\/\/moulinsaintmichel.net\/olivier-arbre-prise-jardins-provencaux"},"modified":"2025-01-08T10:21:57","modified_gmt":"2025-01-08T10:21:57","slug":"olivier-arbre-prise-jardins-provencaux","status":"publish","type":"post","link":"https:\/\/moulinsaintmichel.net\/en\/olivier-arbre-prise-jardins-provencaux","title":{"rendered":"Pourquoi l&#8217;Olivier Est un Arbre Pris\u00e9 dans les Jardins Proven\u00e7aux"},"content":{"rendered":"<p>L&#8217;<strong>olivier<\/strong>, v\u00e9ritable symbole de la <strong>culture proven\u00e7ale<\/strong>, est un incontournable des <strong>jardins proven\u00e7aux<\/strong>. Cet arbre mythique, profond\u00e9ment enracin\u00e9 dans l&#8217;\u00e2me m\u00e9diterran\u00e9enne, charme par sa beaut\u00e9 et s\u00e9duit par sa r\u00e9silience face aux \u00e9l\u00e9ments. Au Moulin Saint Michel, nich\u00e9 dans les Alpilles, nous perp\u00e9tuons depuis des g\u00e9n\u00e9rations la tradition de la fabrication d&#8217;huiles d&#8217;olive de haute qualit\u00e9, art transmis de g\u00e9n\u00e9ration en g\u00e9n\u00e9ration dans ce lieu d&#8217;exception. Les oliviers, avec leurs feuilles argent\u00e9es qui dansent au rythme du mistral, apportent non seulement un cachet unique aux jardins mais sont \u00e9galement porteurs d&#8217;une histoire riche, ancr\u00e9e dans les traditions locales. Notre voyage au c\u0153ur des raisons qui font de cet <a href=\"https:\/\/moulinsaintmichel.net\/\">arbre m\u00e9diterran\u00e9en<\/a> une star des jardins proven\u00e7aux vous d\u00e9voilera son symbolisme, ses avantages environnentaux, ainsi que son r\u00f4le \u00e9conomique et touristique essentiel.<html><\/p>\n<h2>L&#8217;H\u00e9ritage Culturel de l&#8217;Olivier en Provence<\/h2>\n<h3>Historique et Symbolisme<\/h3>\n<p>En Provence, l&#8217;<strong>olivier<\/strong> n&#8217;est pas seulement un <strong>arbre m\u00e9diterran\u00e9en<\/strong>; c&#8217;est un t\u00e9moin silencieux de l&#8217;histoire. D\u00e8s l&#8217;Antiquit\u00e9, il \u00e9tait un signe de paix et de prosp\u00e9rit\u00e9. L&#8217;olivier figure d&#8217;ailleurs souvent dans les r\u00e9cits mythologiques, ancr\u00e9 dans notre conscience collective comme un symbole d&#8217;immortalit\u00e9. Au sein des <strong>cultures m\u00e9diterran\u00e9ennes<\/strong>, cet arbre repr\u00e9sente aussi l&#8217;endurance, \u00e9tant donn\u00e9 sa long\u00e9vit\u00e9 impressionnante et sa capacit\u00e9 \u00e0 se r\u00e9g\u00e9n\u00e9rer apr\u00e8s des conditions difficiles. Dans votre jardin, il devient tout naturellement un gardien de l&#8217;histoire et peut-\u00eatre m\u00eame un passeur de traditions familiales.<\/p>\n<h3>R\u00f4le dans les Traditions Locales<\/h3>\n<p>Les oliviers occupent une place centrale dans les <strong>traditions locales<\/strong>, notamment lors des r\u00e9coltes qui r\u00e9unissent g\u00e9n\u00e9rations et voisins dans une ambiance conviviale. Les f\u00eates, telle que celle de l&#8217;<strong>huile d&#8217;olive<\/strong>, font partie des moments o\u00f9 l&#8217;on c\u00e9l\u00e8bre cet arbre pr\u00e9cieux. Imaginez-vous participer \u00e0 une de ces r\u00e9coltes dans le <a href=\"https:\/\/moulinsaintmichel.net\/\">Moulin Saint Michel<\/a>, plongeant vos pieds dans le sol historique des Alpilles. Int\u00e9grer un olivier dans votre jardin, c&#8217;est inviter cette tradition de partage et de c\u00e9l\u00e9bration chez vous.<\/p>\n<h2>Les Avantages Environnementaux de l&#8217;Olivier<\/h2>\n<h3>Adaptabilit\u00e9 au Climat M\u00e9diterran\u00e9en<\/h3>\n<p>L&#8217;un des principaux atouts de l&#8217;olivier est son extraordinaire adaptabilit\u00e9 au <strong>climat m\u00e9diterran\u00e9en<\/strong>. Habitu\u00e9 \u00e0 des \u00e9t\u00e9s longs, chauds et secs, cet arbre robuste s&#8217;\u00e9panouit en Provence, o\u00f9 son syst\u00e8me racinaire profond trouve l&#8217;humidit\u00e9 n\u00e9cessaire. Sa capacit\u00e9 \u00e0 r\u00e9sister \u00e0 la s\u00e9cheresse en fait un choix id\u00e9al pour les <strong>jardins proven\u00e7aux<\/strong>. Pour les jardiniers, cela signifie moins d&#8217;arrosage et une utilisation plus efficace des ressources naturelles, un avantage environnemental de taille.<\/p>\n<h3>Contribution \u00e0 la Biodiversit\u00e9<\/h3>\n<p>Les oliviers ne sont pas juste beaux; ils sont des \u00e9cosyst\u00e8mes \u00e0 eux seuls. Ils abritent une multitude d&#8217;esp\u00e8ces, des oiseaux nicheurs aux insectes pollinisateurs. Les cavit\u00e9s naturelles du tronc offrent des refuges aux petits animaux, faisant de votre jardin un havre pour la <strong>biodiversit\u00e9<\/strong>. Pour attirer la faune, l&#8217;association de plantes indig\u00e8nes au pied de vos oliviers est une id\u00e9e cr\u00e9ative et efficace. C\u00e9l\u00e9brez la biodiversit\u00e9 dans votre jardin en y plantant un olivier comme pilier vivant et vibrant.<\/p>\n<h2>Les Qualit\u00e9s Esth\u00e9tiques et Pratiques de l&#8217;Olivier<\/h2>\n<h3>Charme Esth\u00e9tique<\/h3>\n<p>Avec son tronc noueux et ses feuilles argent\u00e9es, l&#8217;olivier ajoute une touche inimitable au <strong>paysage m\u00e9diterran\u00e9en<\/strong>. Chaque arbre est unique, infusant votre jardin d&#8217;une personnalit\u00e9 distincte et charmante. Les jeux d&#8217;ombres sous ses branches, les contrastes de gris-vert, et le bruissement de ses feuilles sous le vent cr\u00e9ent une ambiance apaisante et singuli\u00e8re. Saviez-vous qu&#8217;un simple jeu de lumi\u00e8res nocturnes peut mettre en valeur ces d\u00e9tails, transformant votre espace ext\u00e9rieur en un tableau vivant?<\/p>\n<h3>Utilisations Pratiques<\/h3>\n<p>Au-del\u00e0 de sa beaut\u00e9, l&#8217;olivier est incroyablement utile. L&#8217;<strong>huile d&#8217;olive<\/strong> extraite de ses fruits est pris\u00e9e pour sa qualit\u00e9 exceptionnelle et ses b\u00e9n\u00e9fices pour la sant\u00e9. De plus, les rameaux peuvent \u00eatre utilis\u00e9s comme bois de chauffage ou comme un \u00e9l\u00e9ment de design rustique dans le jardin. En laissant parler votre cr\u00e9ativit\u00e9, vous pourriez m\u00eame concevoir un espace ext\u00e9rieur d\u00e9di\u00e9 aux repas sous l&#8217;ombrage bienveillant de cet arbre l\u00e9gendaire, un v\u00e9ritable hymne \u00e0 l&#8217;art de vivre en Provence.<\/p>\n<h2>L&#8217;Impact \u00c9conomique et Touristique de l&#8217;Olivier<\/h2>\n<h3>Valorisation de l&#8217;Immobilier<\/h3>\n<p>Placer un olivier dans votre jardin a \u00e9galement un impact \u00e9conomique b\u00e9n\u00e9fique. Il peut augmenter la valeur de votre propri\u00e9t\u00e9 en ajoutant un \u00e9l\u00e9ment de luxe et d&#8217;authenticit\u00e9. Dans une r\u00e9gion comme la <strong>Provence-Alpes-C\u00f4te d&#8217;Azur<\/strong>, o\u00f9 le march\u00e9 immobilier est comp\u00e9titif, un jardin bien entretenu et orn\u00e9 de ce <strong>symbole proven\u00e7al<\/strong> peut faire toute la diff\u00e9rence. Pour maximiser cet impact, envisagez une conception paysag\u00e8re int\u00e9grant des \u00e9l\u00e9ments naturels qui mettent en avant la beaut\u00e9 intemporelle de l&#8217;olivier.<\/p>\n<h3>Attraction Touristique<\/h3>\n<p>Les oliviers ne se contentent pas d&#8217;embellir la r\u00e9gion; ils sont aussi un moteur touristique. Des lieux comme Les Baux-de-Provence tirent parti de ces magnifiques arbres pour attirer les visiteurs d\u00e9sireux de d\u00e9couvrir la richesse culturelle et naturelle de la r\u00e9gion. Pourquoi ne pas vous inspirer de ces sites exceptionnels pour cr\u00e9er un coin &#8220;Provence&#8221; dans votre propre jardin? Devenez l&#8217;ambassadeur de la beaut\u00e9 et de l&#8217;histoire de la Provence en invitant vos amis \u00e0 d\u00e9couvrir ce charme intemporel gr\u00e2ce \u00e0 vos oliviers.<\/p>\n<p><\/html><html><\/p>\n<h2>Conclusion : L&#8217;Olivier, un Compagnon Inestimable pour vos Jardins Proven\u00e7aux<\/h2>\n<p>Accueillir un olivier dans votre jardin, c&#8217;est bien plus que planter un simple arbre; c&#8217;est un v\u00e9ritable hommage \u00e0 la richesse culturelle et naturelle de la Provence. En embrassant cette tradition mill\u00e9naire, vous vous ouvrez \u00e0 une exp\u00e9rience sensorielle unique, o\u00f9 histoire et nature se rejoignent dans un \u00e9quilibre harmonieux. Imaginez le parfum d\u00e9licat des olives m\u00fbres, la m\u00e9lodie apaisante du vent s&#8217;immis\u00e7ant entre ses feuilles argent\u00e9es, et la satisfaction profonde de voir votre espace devenir un refuge pour la biodiversit\u00e9 locale.<\/p>\n<p>Laissez libre cours \u00e0 votre cr\u00e9ativit\u00e9 et transformez votre jardin en un havre m\u00e9diterran\u00e9en personnalis\u00e9. Que ce soit en concevant un coin repas ombrag\u00e9 ou en illuminant vos soir\u00e9es avec des jeux de lumi\u00e8res subtils, l&#8217;olivier offre des possibilit\u00e9s infinies d&#8217;expression personnelle. En plus d&#8217;ajouter une valeur esth\u00e9tique et \u00e9conomique \u00e0 votre propri\u00e9t\u00e9, il incarne un art de vivre chaleureux, ancr\u00e9 dans le partage et la convivialit\u00e9 si chers \u00e0 la culture proven\u00e7ale.<\/p>\n<p>Nous esp\u00e9rons que cet article vous a inspir\u00e9 \u00e0 d\u00e9couvrir, ou red\u00e9couvrir, la magnificence de cet arbre v\u00e9n\u00e9rable. En plantant un olivier, vous vous inscrivez dans une lign\u00e9e de jardiniers qui ont su, \u00e0 travers les si\u00e8cles, pr\u00e9server et honorer ce symbole de r\u00e9silience et de beaut\u00e9. Votre jardin devient alors le lieu o\u00f9 tradition et modernit\u00e9 se rencontrent, une invitation \u00e0 appr\u00e9cier chaque instant et chaque saison sous le regard bienveillant de ce gardien du temps.<\/p>\n<p><\/html><\/p>\n","protected":false},"excerpt":{"rendered":"<p>D\u00e9couvrez pourquoi l&#8217;olivier, embl\u00e8me de la Provence, est bien plus qu&#8217;un arbre : un gardien de traditions, un alli\u00e9 \u00e9cologique et une attraction touristique majeure. Plongez dans son univers ! \ud83c\udf3f<\/p>\n","protected":false},"author":1,"featured_media":0,"comment_status":"closed","ping_status":"closed","sticky":false,"template":"","format":"standard","meta":{"_acf_changed":false,"footnotes":""},"categories":[105],"tags":[],"class_list":["post-5949","post","type-post","status-publish","format-standard","hentry","category-culture-et-traditions-autour-de-lolivier"],"acf":[],"yoast_head":"<!-- This site is optimized with the Yoast SEO plugin v27.5 - https:\/\/yoast.com\/product\/yoast-seo-wordpress\/ -->\n<title>Pourquoi l&#039;Olivier Est un Arbre Pris\u00e9 dans les Jardins Proven\u00e7aux - Le Moulin Saint Michel<\/title>\n<meta name=\"description\" content=\"Pourquoi l&#039;Olivier Est un Arbre Pris\u00e9 dans les Jardins Proven\u00e7aux | Le Moulin Saint Michel : Producteur local d&#039;huiles d&#039;olive aux Baux de Provence.\" \/>\n<meta name=\"robots\" content=\"index, follow, max-snippet:-1, max-image-preview:large, max-video-preview:-1\" \/>\n<link rel=\"canonical\" href=\"https:\/\/moulinsaintmichel.net\/en\/olivier-arbre-prise-jardins-provencaux\" \/>\n<meta property=\"og:locale\" content=\"en_US\" \/>\n<meta property=\"og:type\" content=\"article\" \/>\n<meta property=\"og:title\" content=\"Pourquoi l&#039;Olivier Est un Arbre Pris\u00e9 dans les Jardins Proven\u00e7aux - Le Moulin Saint Michel\" \/>\n<meta property=\"og:description\" content=\"Pourquoi l&#039;Olivier Est un Arbre Pris\u00e9 dans les Jardins Proven\u00e7aux | Le Moulin Saint Michel : Producteur local d&#039;huiles d&#039;olive aux Baux de Provence.\" \/>\n<meta property=\"og:url\" content=\"https:\/\/moulinsaintmichel.net\/en\/olivier-arbre-prise-jardins-provencaux\" \/>\n<meta property=\"og:site_name\" content=\"Le Moulin Saint Michel\" \/>\n<meta property=\"article:published_time\" content=\"2025-01-08T10:21:57+00:00\" \/>\n<meta name=\"author\" content=\"Bertrand\" \/>\n<meta name=\"twitter:card\" content=\"summary_large_image\" \/>\n<meta name=\"twitter:label1\" content=\"Written by\" \/>\n\t<meta name=\"twitter:data1\" content=\"Bertrand\" \/>\n\t<meta name=\"twitter:label2\" content=\"Est. reading time\" \/>\n\t<meta name=\"twitter:data2\" content=\"6 minutes\" \/>\n<script type=\"application\/ld+json\" class=\"yoast-schema-graph\">{\"@context\":\"https:\\\/\\\/schema.org\",\"@graph\":[{\"@type\":\"Article\",\"@id\":\"https:\\\/\\\/moulinsaintmichel.net\\\/en\\\/olivier-arbre-prise-jardins-provencaux#article\",\"isPartOf\":{\"@id\":\"https:\\\/\\\/moulinsaintmichel.net\\\/en\\\/olivier-arbre-prise-jardins-provencaux\"},\"author\":{\"name\":\"Bertrand\",\"@id\":\"https:\\\/\\\/moulinsaintmichel.net\\\/en#\\\/schema\\\/person\\\/75978a27c29dc05e8aa1e2fc647655ef\"},\"headline\":\"Pourquoi l&#8217;Olivier Est un Arbre Pris\u00e9 dans les Jardins Proven\u00e7aux\",\"datePublished\":\"2025-01-08T10:21:57+00:00\",\"mainEntityOfPage\":{\"@id\":\"https:\\\/\\\/moulinsaintmichel.net\\\/en\\\/olivier-arbre-prise-jardins-provencaux\"},\"wordCount\":1241,\"articleSection\":[\"Culture et traditions autour de l'olivier\"],\"inLanguage\":\"en-US\"},{\"@type\":\"WebPage\",\"@id\":\"https:\\\/\\\/moulinsaintmichel.net\\\/en\\\/olivier-arbre-prise-jardins-provencaux\",\"url\":\"https:\\\/\\\/moulinsaintmichel.net\\\/en\\\/olivier-arbre-prise-jardins-provencaux\",\"name\":\"Pourquoi l'Olivier Est un Arbre Pris\u00e9 dans les Jardins Proven\u00e7aux - Le Moulin Saint Michel\",\"isPartOf\":{\"@id\":\"https:\\\/\\\/moulinsaintmichel.net\\\/en#website\"},\"datePublished\":\"2025-01-08T10:21:57+00:00\",\"author\":{\"@id\":\"https:\\\/\\\/moulinsaintmichel.net\\\/en#\\\/schema\\\/person\\\/75978a27c29dc05e8aa1e2fc647655ef\"},\"description\":\"Pourquoi l'Olivier Est un Arbre Pris\u00e9 dans les Jardins Proven\u00e7aux | Le Moulin Saint Michel : Producteur local d'huiles d'olive aux Baux de Provence.\",\"breadcrumb\":{\"@id\":\"https:\\\/\\\/moulinsaintmichel.net\\\/en\\\/olivier-arbre-prise-jardins-provencaux#breadcrumb\"},\"inLanguage\":\"en-US\",\"potentialAction\":[{\"@type\":\"ReadAction\",\"target\":[\"https:\\\/\\\/moulinsaintmichel.net\\\/en\\\/olivier-arbre-prise-jardins-provencaux\"]}]},{\"@type\":\"BreadcrumbList\",\"@id\":\"https:\\\/\\\/moulinsaintmichel.net\\\/en\\\/olivier-arbre-prise-jardins-provencaux#breadcrumb\",\"itemListElement\":[{\"@type\":\"ListItem\",\"position\":1,\"name\":\"Accueil\",\"item\":\"https:\\\/\\\/moulinsaintmichel.net\\\/en\"},{\"@type\":\"ListItem\",\"position\":2,\"name\":\"Pourquoi l&rsquo;Olivier Est un Arbre Pris\u00e9 dans les Jardins Proven\u00e7aux\"}]},{\"@type\":\"WebSite\",\"@id\":\"https:\\\/\\\/moulinsaintmichel.net\\\/en#website\",\"url\":\"https:\\\/\\\/moulinsaintmichel.net\\\/en\",\"name\":\"Le Moulin Saint Michel\",\"description\":\"Achetez les produits d&#039;un moulin rempli d&#039;histoire\",\"potentialAction\":[{\"@type\":\"SearchAction\",\"target\":{\"@type\":\"EntryPoint\",\"urlTemplate\":\"https:\\\/\\\/moulinsaintmichel.net\\\/en?s={search_term_string}\"},\"query-input\":{\"@type\":\"PropertyValueSpecification\",\"valueRequired\":true,\"valueName\":\"search_term_string\"}}],\"inLanguage\":\"en-US\"},{\"@type\":\"Person\",\"@id\":\"https:\\\/\\\/moulinsaintmichel.net\\\/en#\\\/schema\\\/person\\\/75978a27c29dc05e8aa1e2fc647655ef\",\"name\":\"Bertrand\",\"image\":{\"@type\":\"ImageObject\",\"inLanguage\":\"en-US\",\"@id\":\"https:\\\/\\\/secure.gravatar.com\\\/avatar\\\/184b3aaae0dd6f3055b37793ad398e9d6ec9605b76f21a513a72004092af87a4?s=96&d=mm&r=g\",\"url\":\"https:\\\/\\\/secure.gravatar.com\\\/avatar\\\/184b3aaae0dd6f3055b37793ad398e9d6ec9605b76f21a513a72004092af87a4?s=96&d=mm&r=g\",\"contentUrl\":\"https:\\\/\\\/secure.gravatar.com\\\/avatar\\\/184b3aaae0dd6f3055b37793ad398e9d6ec9605b76f21a513a72004092af87a4?s=96&d=mm&r=g\",\"caption\":\"Bertrand\"},\"sameAs\":[\"http:\\\/\\\/refonte.moulinsaintmichel.net\"]}]}<\/script>\n<!-- \/ Yoast SEO plugin. -->","yoast_head_json":{"title":"Pourquoi l'Olivier Est un Arbre Pris\u00e9 dans les Jardins Proven\u00e7aux - Le Moulin Saint Michel","description":"Pourquoi l'Olivier Est un Arbre Pris\u00e9 dans les Jardins Proven\u00e7aux | Le Moulin Saint Michel : Producteur local d'huiles d'olive aux Baux de Provence.","robots":{"index":"index","follow":"follow","max-snippet":"max-snippet:-1","max-image-preview":"max-image-preview:large","max-video-preview":"max-video-preview:-1"},"canonical":"https:\/\/moulinsaintmichel.net\/en\/olivier-arbre-prise-jardins-provencaux","og_locale":"en_US","og_type":"article","og_title":"Pourquoi l'Olivier Est un Arbre Pris\u00e9 dans les Jardins Proven\u00e7aux - Le Moulin Saint Michel","og_description":"Pourquoi l'Olivier Est un Arbre Pris\u00e9 dans les Jardins Proven\u00e7aux | Le Moulin Saint Michel : Producteur local d'huiles d'olive aux Baux de Provence.","og_url":"https:\/\/moulinsaintmichel.net\/en\/olivier-arbre-prise-jardins-provencaux","og_site_name":"Le Moulin Saint Michel","article_published_time":"2025-01-08T10:21:57+00:00","author":"Bertrand","twitter_card":"summary_large_image","twitter_misc":{"Written by":"Bertrand","Est. reading time":"6 minutes"},"schema":{"@context":"https:\/\/schema.org","@graph":[{"@type":"Article","@id":"https:\/\/moulinsaintmichel.net\/en\/olivier-arbre-prise-jardins-provencaux#article","isPartOf":{"@id":"https:\/\/moulinsaintmichel.net\/en\/olivier-arbre-prise-jardins-provencaux"},"author":{"name":"Bertrand","@id":"https:\/\/moulinsaintmichel.net\/en#\/schema\/person\/75978a27c29dc05e8aa1e2fc647655ef"},"headline":"Pourquoi l&#8217;Olivier Est un Arbre Pris\u00e9 dans les Jardins Proven\u00e7aux","datePublished":"2025-01-08T10:21:57+00:00","mainEntityOfPage":{"@id":"https:\/\/moulinsaintmichel.net\/en\/olivier-arbre-prise-jardins-provencaux"},"wordCount":1241,"articleSection":["Culture et traditions autour de l'olivier"],"inLanguage":"en-US"},{"@type":"WebPage","@id":"https:\/\/moulinsaintmichel.net\/en\/olivier-arbre-prise-jardins-provencaux","url":"https:\/\/moulinsaintmichel.net\/en\/olivier-arbre-prise-jardins-provencaux","name":"Pourquoi l'Olivier Est un Arbre Pris\u00e9 dans les Jardins Proven\u00e7aux - Le Moulin Saint Michel","isPartOf":{"@id":"https:\/\/moulinsaintmichel.net\/en#website"},"datePublished":"2025-01-08T10:21:57+00:00","author":{"@id":"https:\/\/moulinsaintmichel.net\/en#\/schema\/person\/75978a27c29dc05e8aa1e2fc647655ef"},"description":"Pourquoi l'Olivier Est un Arbre Pris\u00e9 dans les Jardins Proven\u00e7aux | Le Moulin Saint Michel : Producteur local d'huiles d'olive aux Baux de Provence.","breadcrumb":{"@id":"https:\/\/moulinsaintmichel.net\/en\/olivier-arbre-prise-jardins-provencaux#breadcrumb"},"inLanguage":"en-US","potentialAction":[{"@type":"ReadAction","target":["https:\/\/moulinsaintmichel.net\/en\/olivier-arbre-prise-jardins-provencaux"]}]},{"@type":"BreadcrumbList","@id":"https:\/\/moulinsaintmichel.net\/en\/olivier-arbre-prise-jardins-provencaux#breadcrumb","itemListElement":[{"@type":"ListItem","position":1,"name":"Accueil","item":"https:\/\/moulinsaintmichel.net\/en"},{"@type":"ListItem","position":2,"name":"Pourquoi l&rsquo;Olivier Est un Arbre Pris\u00e9 dans les Jardins Proven\u00e7aux"}]},{"@type":"WebSite","@id":"https:\/\/moulinsaintmichel.net\/en#website","url":"https:\/\/moulinsaintmichel.net\/en","name":"Le Moulin Saint Michel","description":"Achetez les produits d&#039;un moulin rempli d&#039;histoire","potentialAction":[{"@type":"SearchAction","target":{"@type":"EntryPoint","urlTemplate":"https:\/\/moulinsaintmichel.net\/en?s={search_term_string}"},"query-input":{"@type":"PropertyValueSpecification","valueRequired":true,"valueName":"search_term_string"}}],"inLanguage":"en-US"},{"@type":"Person","@id":"https:\/\/moulinsaintmichel.net\/en#\/schema\/person\/75978a27c29dc05e8aa1e2fc647655ef","name":"Bertrand","image":{"@type":"ImageObject","inLanguage":"en-US","@id":"https:\/\/secure.gravatar.com\/avatar\/184b3aaae0dd6f3055b37793ad398e9d6ec9605b76f21a513a72004092af87a4?s=96&d=mm&r=g","url":"https:\/\/secure.gravatar.com\/avatar\/184b3aaae0dd6f3055b37793ad398e9d6ec9605b76f21a513a72004092af87a4?s=96&d=mm&r=g","contentUrl":"https:\/\/secure.gravatar.com\/avatar\/184b3aaae0dd6f3055b37793ad398e9d6ec9605b76f21a513a72004092af87a4?s=96&d=mm&r=g","caption":"Bertrand"},"sameAs":["http:\/\/refonte.moulinsaintmichel.net"]}]}},"_links":{"self":[{"href":"https:\/\/moulinsaintmichel.net\/en\/wp-json\/wp\/v2\/posts\/5949","targetHints":{"allow":["GET"]}}],"collection":[{"href":"https:\/\/moulinsaintmichel.net\/en\/wp-json\/wp\/v2\/posts"}],"about":[{"href":"https:\/\/moulinsaintmichel.net\/en\/wp-json\/wp\/v2\/types\/post"}],"author":[{"embeddable":true,"href":"https:\/\/moulinsaintmichel.net\/en\/wp-json\/wp\/v2\/users\/1"}],"replies":[{"embeddable":true,"href":"https:\/\/moulinsaintmichel.net\/en\/wp-json\/wp\/v2\/comments?post=5949"}],"version-history":[{"count":0,"href":"https:\/\/moulinsaintmichel.net\/en\/wp-json\/wp\/v2\/posts\/5949\/revisions"}],"wp:attachment":[{"href":"https:\/\/moulinsaintmichel.net\/en\/wp-json\/wp\/v2\/media?parent=5949"}],"wp:term":[{"taxonomy":"category","embeddable":true,"href":"https:\/\/moulinsaintmichel.net\/en\/wp-json\/wp\/v2\/categories?post=5949"},{"taxonomy":"post_tag","embeddable":true,"href":"https:\/\/moulinsaintmichel.net\/en\/wp-json\/wp\/v2\/tags?post=5949"}],"curies":[{"name":"wp","href":"https:\/\/api.w.org\/{rel}","templated":true}]}}