{"id":5889,"date":"2024-12-25T10:23:15","date_gmt":"2024-12-25T10:23:15","guid":{"rendered":"https:\/\/moulinsaintmichel.net\/salonenque-gout-subtil-provence"},"modified":"2024-12-25T10:23:15","modified_gmt":"2024-12-25T10:23:15","slug":"salonenque-gout-subtil-provence","status":"publish","type":"post","link":"https:\/\/moulinsaintmichel.net\/en\/salonenque-gout-subtil-provence","title":{"rendered":"La Salonenque : Le Go\u00fbt Subtil de la Provence"},"content":{"rendered":"<p>Nich\u00e9e au c\u0153ur de la r\u00e9gion proven\u00e7ale, la <strong>Salonenque<\/strong> incarne le charme et le go\u00fbt distinctif de la Provence. Cette <strong>olive proven\u00e7ale<\/strong>, pris\u00e9e pour ses <strong>ar\u00f4mes subtils<\/strong> et ses usages vari\u00e9s en gastronomie, refl\u00e8te une riche h\u00e9ritage ancr\u00e9 dans les traditions locales. Au <a href=\"https:\/\/moulinsaintmichel.net\/\">Moulin Saint Michel<\/a>, nous c\u00e9l\u00e9brons cet h\u00e9ritage en produisant une huile d&#8217;olive de haute qualit\u00e9, r\u00e9sultat de m\u00e9thodes de culture et de r\u00e9colte minutieuses. D\u00e9couvrez \u00e0 travers cet article l&#8217;histoire fascinante de la Salonenque, son importance dans la <strong>cuisine de Provence<\/strong> et l&#8217;impact culturel qu&#8217;elle exerce dans la r\u00e9gion. Embarquez avec nous dans un voyage \u00e0 travers les senteurs et savoir-faire qui d\u00e9finissent ce patrimoine gastronomique unique.&#8220;`html<\/p>\n<h2>Introduction \u00e0 la Salonenque<\/h2>\n<h3>Origine et histoire<\/h3>\n<p>La Salonenque, cette <strong>olive proven\u00e7ale<\/strong>, a des racines profondes dans la r\u00e9gion de Provence. Elle tire son nom de la ville de Salon-de-Provence, o\u00f9 elle a \u00e9t\u00e9 cultiv\u00e9e pendant des si\u00e8cles. Ce petit fruit, \u00e0 la chair d\u00e9licate et aux <strong>saveurs de Provence<\/strong>, est bien plus qu&#8217;une simple sp\u00e9cialit\u00e9 locale. Il est un symbole de la <strong>culture culinaire fran\u00e7aise<\/strong>, \u00e9voquant l&#8217;art de vivre m\u00e9diterran\u00e9en avec chaque bouch\u00e9e. Historiens et agriculteurs s&#8217;accordent \u00e0 dire que l&#8217;ol\u00e9iculture est une tradition qui a fa\u00e7onn\u00e9 non seulement le paysage, mais aussi l&#8217;identit\u00e9 m\u00eame de cette r\u00e9gion ensoleill\u00e9e.<\/p>\n<h3>Caract\u00e9ristiques de l&#8217;olive<\/h3>\n<p>Reconnue pour sa couleur vert clair et sa texture plut\u00f4t ferme, la Salonenque se distingue par ses <strong>ar\u00f4mes subtils<\/strong> et sa saveur l\u00e9g\u00e8rement beurr\u00e9e. Utilis\u00e9e principalement pour la production d&#8217;une <strong>huile d&#8217;olive<\/strong> douce et parfum\u00e9e, elle est \u00e9galement tr\u00e8s pris\u00e9e dans la <a href=\"https:\/\/moulinsaintmichel.net\/\">gastronomie proven\u00e7ale<\/a> pour \u00eatre consomm\u00e9e en olives de table. Son go\u00fbt unique apporte une note de fra\u00eecheur et de raffinement aux plats les plus savoureux de la r\u00e9gion.<\/p>\n<h2>Le processus de culture et de r\u00e9colte<\/h2>\n<h3>Conditions climatiques id\u00e9ales<\/h3>\n<p>La r\u00e9ussite de la culture de la Salonenque repose principalement sur les conditions climatiques typiques de la <strong>r\u00e9gion proven\u00e7ale<\/strong>. Le climat m\u00e9diterran\u00e9en, avec ses \u00e9t\u00e9s chauds et secs, ses hivers doux, et ses brises marines bienfaitrices, cr\u00e9e un microclimat parfait pour la maturation de ces olives d\u00e9licates. Les sols calcaires de la r\u00e9gion ajoutent une dimension suppl\u00e9mentaire, apportant min\u00e9ralit\u00e9 et complexit\u00e9 au fruit.<\/p>\n<h3>M\u00e9thodes de r\u00e9colte traditionnelles<\/h3>\n<p>La r\u00e9colte de l&#8217;olive Salonenque est un v\u00e9ritable rite dans les <strong>paysages ol\u00e9icoles<\/strong> proven\u00e7aux. Traditionnellement, elle s&#8217;effectue de mani\u00e8re manuelle pour pr\u00e9server l&#8217;int\u00e9grit\u00e9 des fruits, et se d\u00e9roule entre octobre et novembre, lorsque les olives ont atteint leur maturit\u00e9 optimale. Ce processus implique souvent des techniques transmises de g\u00e9n\u00e9ration en g\u00e9n\u00e9ration, o\u00f9 chaque geste compte pour obtenir un produit d&#8217;une qualit\u00e9 exceptionnelle.<\/p>\n<h2>Les utilisations culinaires de la Salonenque<\/h2>\n<h3>Recettes classiques<\/h3>\n<p>Dans la <strong>cuisine de Provence<\/strong>, l&#8217;olive Salonenque est int\u00e9gr\u00e9e dans une multitude de recettes classiques. Pensez \u00e0 la tapenade, cette p\u00e2te savoureuse o\u00f9 les olives se marient avec des c\u00e2pres et des anchois, cr\u00e9ant un v\u00e9ritable concentr\u00e9 de saveurs. Les Salonenques sont \u00e9galement d\u00e9licieuses simplement marin\u00e9es avec des herbes de Provence, une technique qui rehausse leurs ar\u00f4mes naturels et apporte une touche d&#8217;authenticit\u00e9 \u00e0 vos repas.<\/p>\n<h3>Innovations gastronomiques<\/h3>\n<p>Au-del\u00e0 des traditions, l&#8217;olive Salonenque inspire aussi des cr\u00e9ations plus audacieuses dans les cuisines modernes. Des chefs proven\u00e7aux c\u00e9l\u00e8bres r\u00e9inventent sans cesse la fa\u00e7on d&#8217;utiliser cette olive, en l&#8217;introduisant dans des mousses, des sauces ou en l&#8217;associant \u00e0 des saveurs sucr\u00e9es pour des desserts innovants. Imaginez une glace \u00e0 l&#8217;huile d&#8217;olive Salonenque, o\u00f9 la douceur de l&#8217;olive s&#8217;harmonise parfaitement avec le cr\u00e9meux du lait.<\/p>\n<h2>L&#8217;impact \u00e9conomique et culturel de la Salonenque en Provence<\/h2>\n<h3>Importance pour les agriculteurs locaux<\/h3>\n<p>Pour les agriculteurs de la <strong>Provence-Alpes-C\u00f4te d&#8217;Azur<\/strong>, cultiver cette vari\u00e9t\u00e9 d&#8217;olive ne repr\u00e9sente pas qu&#8217;une simple activit\u00e9 \u00e9conomique. C&#8217;est une tradition, un patrimoine familial transmis avec passion. Gr\u00e2ce \u00e0 l&#8217;existence de structures comme l&#8217;AOP Huile d&#8217;olive de Provence, la Salonenque b\u00e9n\u00e9ficie d&#8217;une reconnaissance qui valorise et s\u00e9curise le travail de ces producteurs d\u00e9vou\u00e9s, permettant une juste r\u00e9mun\u00e9ration et pr\u00e9servant un savoir-faire unique.<\/p>\n<h3>Promotion du terroir proven\u00e7al<\/h3>\n<p>La Salonenque joue un r\u00f4le cl\u00e9 dans la promotion du terroir proven\u00e7al \u00e0 travers le monde. Elle est souvent mise en avant lors de festivals culinaires en Provence, attirant des amateurs de bonne ch\u00e8re et des curieux en qu\u00eate d&#8217;authenticit\u00e9. Les march\u00e9s proven\u00e7aux regorgent de produits \u00e0 base de Salonenque, preuve de son ancrage fort dans la <strong>gastronomie proven\u00e7ale<\/strong>. Ce petit fruit oeuvre ainsi \u00e0 la reconnaissance et \u00e0 l&#8217;app\u00e9tit croissant pour les sp\u00e9cialit\u00e9s locales, et contribue \u00e0 p\u00e9renniser les traditions culturelles de cette r\u00e9gion si embl\u00e9matique.<\/p>\n<p>&#8220;&#8220;&#8220;html<\/p>\n<h2>La Salonenque, Une Invitation \u00e0 la D\u00e9couverte Culinaire de la Provence<\/h2>\n<p>En explorant la Salonenque, nous avons go\u00fbt\u00e9 \u00e0 bien plus qu\u2019une simple olive. Nous nous sommes immerg\u00e9s dans un univers o\u00f9 histoire, climat, et passion s\u2019entrelacent pour cr\u00e9er une huile d\u2019olive exceptionnelle, embl\u00e9matique des saveurs de la Provence. Ce n&#8217;est pas seulement dans sa culture rigoureuse et sa r\u00e9colte m\u00e9ticuleuse que r\u00e9side la magie de la Salonenque, mais aussi dans ce qu\u2019elle nous inspire en cuisine. Que pourrait-il y avoir de plus enchanteur que de transformer ces fruits \u00e0 la chair d\u00e9licate en une tapenade riche et savoureuse, ou d&#8217;imaginer de nouvelles cr\u00e9ations gourmandes, comme une glace surprenante o\u00f9 douceur et fra\u00eecheur dansent avec cr\u00e9ativit\u00e9 ?<\/p>\n<p>Alors, amis gastronomes et curieux de d\u00e9couvertes gustatives, laissez-vous tenter par la Salonenque et int\u00e9grez ses ar\u00f4mes subtils dans votre quotidien. Que ce soit entre amis, autour d&#8217;un repas proven\u00e7al bien de chez nous, ou \u00e0 travers une exp\u00e9rience culinaire audacieuse, chaque plat enrichi par la Salonenque est une invitation \u00e0 partager, \u00e0 exp\u00e9rimenter, et \u00e0 prolonger les traditions de la r\u00e9gion proven\u00e7ale. En cette qu\u00eate de saveurs authentiques, rappelez-vous que vous participez aussi \u00e0 soutenir une culture locale pr\u00e9cieuse. Joignez la tradition \u00e0 l&#8217;innovation, et laissez votre imagination vous emporter vers de nouvelles destinations gustatives !<\/p>\n<p>&#8220;`<\/p>\n","protected":false},"excerpt":{"rendered":"<p>D\u00e9couvrez l&#8217;olive Salonenque, joyau de la Provence, dans un voyage gastronomique aux ar\u00f4mes subtils. Explorez son histoire, ses saveurs uniques et son impact culturel dans notre article captivant!<\/p>\n","protected":false},"author":1,"featured_media":0,"comment_status":"closed","ping_status":"closed","sticky":false,"template":"","format":"standard","meta":{"_acf_changed":false,"footnotes":""},"categories":[102],"tags":[],"class_list":["post-5889","post","type-post","status-publish","format-standard","hentry","category-les-varietes-dolives-et-leurs-caracteristiques"],"acf":[],"yoast_head":"<!-- This site is optimized with the Yoast SEO plugin v27.5 - https:\/\/yoast.com\/product\/yoast-seo-wordpress\/ -->\n<title>La Salonenque : Le Go\u00fbt Subtil de la Provence - Le Moulin Saint Michel<\/title>\n<meta name=\"description\" content=\"La Salonenque : Le Go\u00fbt Subtil de la Provence | Le Moulin Saint Michel : Producteur local d&#039;huiles d&#039;olive aux Baux de Provence.\" \/>\n<meta name=\"robots\" content=\"index, follow, max-snippet:-1, max-image-preview:large, max-video-preview:-1\" \/>\n<link rel=\"canonical\" href=\"https:\/\/moulinsaintmichel.net\/en\/salonenque-gout-subtil-provence\" \/>\n<meta property=\"og:locale\" content=\"en_US\" \/>\n<meta property=\"og:type\" content=\"article\" \/>\n<meta property=\"og:title\" content=\"La Salonenque : Le Go\u00fbt Subtil de la Provence - Le Moulin Saint Michel\" \/>\n<meta property=\"og:description\" content=\"La Salonenque : Le Go\u00fbt Subtil de la Provence | Le Moulin Saint Michel : Producteur local d&#039;huiles d&#039;olive aux Baux de Provence.\" \/>\n<meta property=\"og:url\" content=\"https:\/\/moulinsaintmichel.net\/en\/salonenque-gout-subtil-provence\" \/>\n<meta property=\"og:site_name\" content=\"Le Moulin Saint Michel\" \/>\n<meta property=\"article:published_time\" content=\"2024-12-25T10:23:15+00:00\" \/>\n<meta name=\"author\" content=\"Bertrand\" \/>\n<meta name=\"twitter:card\" content=\"summary_large_image\" \/>\n<meta name=\"twitter:label1\" content=\"Written by\" \/>\n\t<meta name=\"twitter:data1\" content=\"Bertrand\" \/>\n\t<meta name=\"twitter:label2\" content=\"Est. reading time\" \/>\n\t<meta name=\"twitter:data2\" content=\"5 minutes\" \/>\n<script type=\"application\/ld+json\" class=\"yoast-schema-graph\">{\"@context\":\"https:\\\/\\\/schema.org\",\"@graph\":[{\"@type\":\"Article\",\"@id\":\"https:\\\/\\\/moulinsaintmichel.net\\\/en\\\/salonenque-gout-subtil-provence#article\",\"isPartOf\":{\"@id\":\"https:\\\/\\\/moulinsaintmichel.net\\\/en\\\/salonenque-gout-subtil-provence\"},\"author\":{\"name\":\"Bertrand\",\"@id\":\"https:\\\/\\\/moulinsaintmichel.net\\\/en#\\\/schema\\\/person\\\/75978a27c29dc05e8aa1e2fc647655ef\"},\"headline\":\"La Salonenque : Le Go\u00fbt Subtil de la Provence\",\"datePublished\":\"2024-12-25T10:23:15+00:00\",\"mainEntityOfPage\":{\"@id\":\"https:\\\/\\\/moulinsaintmichel.net\\\/en\\\/salonenque-gout-subtil-provence\"},\"wordCount\":1115,\"articleSection\":[\"Les vari\u00e9t\u00e9s d'olives et leurs caract\u00e9ristiques\"],\"inLanguage\":\"en-US\"},{\"@type\":\"WebPage\",\"@id\":\"https:\\\/\\\/moulinsaintmichel.net\\\/en\\\/salonenque-gout-subtil-provence\",\"url\":\"https:\\\/\\\/moulinsaintmichel.net\\\/en\\\/salonenque-gout-subtil-provence\",\"name\":\"La Salonenque : Le Go\u00fbt Subtil de la Provence - Le Moulin Saint Michel\",\"isPartOf\":{\"@id\":\"https:\\\/\\\/moulinsaintmichel.net\\\/en#website\"},\"datePublished\":\"2024-12-25T10:23:15+00:00\",\"author\":{\"@id\":\"https:\\\/\\\/moulinsaintmichel.net\\\/en#\\\/schema\\\/person\\\/75978a27c29dc05e8aa1e2fc647655ef\"},\"description\":\"La Salonenque : Le Go\u00fbt Subtil de la Provence | Le Moulin Saint Michel : Producteur local d'huiles d'olive aux Baux de Provence.\",\"breadcrumb\":{\"@id\":\"https:\\\/\\\/moulinsaintmichel.net\\\/en\\\/salonenque-gout-subtil-provence#breadcrumb\"},\"inLanguage\":\"en-US\",\"potentialAction\":[{\"@type\":\"ReadAction\",\"target\":[\"https:\\\/\\\/moulinsaintmichel.net\\\/en\\\/salonenque-gout-subtil-provence\"]}]},{\"@type\":\"BreadcrumbList\",\"@id\":\"https:\\\/\\\/moulinsaintmichel.net\\\/en\\\/salonenque-gout-subtil-provence#breadcrumb\",\"itemListElement\":[{\"@type\":\"ListItem\",\"position\":1,\"name\":\"Accueil\",\"item\":\"https:\\\/\\\/moulinsaintmichel.net\\\/en\"},{\"@type\":\"ListItem\",\"position\":2,\"name\":\"La Salonenque : Le Go\u00fbt Subtil de la Provence\"}]},{\"@type\":\"WebSite\",\"@id\":\"https:\\\/\\\/moulinsaintmichel.net\\\/en#website\",\"url\":\"https:\\\/\\\/moulinsaintmichel.net\\\/en\",\"name\":\"Le Moulin Saint Michel\",\"description\":\"Achetez les produits d&#039;un moulin rempli d&#039;histoire\",\"potentialAction\":[{\"@type\":\"SearchAction\",\"target\":{\"@type\":\"EntryPoint\",\"urlTemplate\":\"https:\\\/\\\/moulinsaintmichel.net\\\/en?s={search_term_string}\"},\"query-input\":{\"@type\":\"PropertyValueSpecification\",\"valueRequired\":true,\"valueName\":\"search_term_string\"}}],\"inLanguage\":\"en-US\"},{\"@type\":\"Person\",\"@id\":\"https:\\\/\\\/moulinsaintmichel.net\\\/en#\\\/schema\\\/person\\\/75978a27c29dc05e8aa1e2fc647655ef\",\"name\":\"Bertrand\",\"image\":{\"@type\":\"ImageObject\",\"inLanguage\":\"en-US\",\"@id\":\"https:\\\/\\\/secure.gravatar.com\\\/avatar\\\/184b3aaae0dd6f3055b37793ad398e9d6ec9605b76f21a513a72004092af87a4?s=96&d=mm&r=g\",\"url\":\"https:\\\/\\\/secure.gravatar.com\\\/avatar\\\/184b3aaae0dd6f3055b37793ad398e9d6ec9605b76f21a513a72004092af87a4?s=96&d=mm&r=g\",\"contentUrl\":\"https:\\\/\\\/secure.gravatar.com\\\/avatar\\\/184b3aaae0dd6f3055b37793ad398e9d6ec9605b76f21a513a72004092af87a4?s=96&d=mm&r=g\",\"caption\":\"Bertrand\"},\"sameAs\":[\"http:\\\/\\\/refonte.moulinsaintmichel.net\"]}]}<\/script>\n<!-- \/ Yoast SEO plugin. -->","yoast_head_json":{"title":"La Salonenque : Le Go\u00fbt Subtil de la Provence - Le Moulin Saint Michel","description":"La Salonenque : Le Go\u00fbt Subtil de la Provence | Le Moulin Saint Michel : Producteur local d'huiles d'olive aux Baux de Provence.","robots":{"index":"index","follow":"follow","max-snippet":"max-snippet:-1","max-image-preview":"max-image-preview:large","max-video-preview":"max-video-preview:-1"},"canonical":"https:\/\/moulinsaintmichel.net\/en\/salonenque-gout-subtil-provence","og_locale":"en_US","og_type":"article","og_title":"La Salonenque : Le Go\u00fbt Subtil de la Provence - Le Moulin Saint Michel","og_description":"La Salonenque : Le Go\u00fbt Subtil de la Provence | Le Moulin Saint Michel : Producteur local d'huiles d'olive aux Baux de Provence.","og_url":"https:\/\/moulinsaintmichel.net\/en\/salonenque-gout-subtil-provence","og_site_name":"Le Moulin Saint Michel","article_published_time":"2024-12-25T10:23:15+00:00","author":"Bertrand","twitter_card":"summary_large_image","twitter_misc":{"Written by":"Bertrand","Est. reading time":"5 minutes"},"schema":{"@context":"https:\/\/schema.org","@graph":[{"@type":"Article","@id":"https:\/\/moulinsaintmichel.net\/en\/salonenque-gout-subtil-provence#article","isPartOf":{"@id":"https:\/\/moulinsaintmichel.net\/en\/salonenque-gout-subtil-provence"},"author":{"name":"Bertrand","@id":"https:\/\/moulinsaintmichel.net\/en#\/schema\/person\/75978a27c29dc05e8aa1e2fc647655ef"},"headline":"La Salonenque : Le Go\u00fbt Subtil de la Provence","datePublished":"2024-12-25T10:23:15+00:00","mainEntityOfPage":{"@id":"https:\/\/moulinsaintmichel.net\/en\/salonenque-gout-subtil-provence"},"wordCount":1115,"articleSection":["Les vari\u00e9t\u00e9s d'olives et leurs caract\u00e9ristiques"],"inLanguage":"en-US"},{"@type":"WebPage","@id":"https:\/\/moulinsaintmichel.net\/en\/salonenque-gout-subtil-provence","url":"https:\/\/moulinsaintmichel.net\/en\/salonenque-gout-subtil-provence","name":"La Salonenque : Le Go\u00fbt Subtil de la Provence - Le Moulin Saint Michel","isPartOf":{"@id":"https:\/\/moulinsaintmichel.net\/en#website"},"datePublished":"2024-12-25T10:23:15+00:00","author":{"@id":"https:\/\/moulinsaintmichel.net\/en#\/schema\/person\/75978a27c29dc05e8aa1e2fc647655ef"},"description":"La Salonenque : Le Go\u00fbt Subtil de la Provence | Le Moulin Saint Michel : Producteur local d'huiles d'olive aux Baux de Provence.","breadcrumb":{"@id":"https:\/\/moulinsaintmichel.net\/en\/salonenque-gout-subtil-provence#breadcrumb"},"inLanguage":"en-US","potentialAction":[{"@type":"ReadAction","target":["https:\/\/moulinsaintmichel.net\/en\/salonenque-gout-subtil-provence"]}]},{"@type":"BreadcrumbList","@id":"https:\/\/moulinsaintmichel.net\/en\/salonenque-gout-subtil-provence#breadcrumb","itemListElement":[{"@type":"ListItem","position":1,"name":"Accueil","item":"https:\/\/moulinsaintmichel.net\/en"},{"@type":"ListItem","position":2,"name":"La Salonenque : Le Go\u00fbt Subtil de la Provence"}]},{"@type":"WebSite","@id":"https:\/\/moulinsaintmichel.net\/en#website","url":"https:\/\/moulinsaintmichel.net\/en","name":"Le Moulin Saint Michel","description":"Achetez les produits d&#039;un moulin rempli d&#039;histoire","potentialAction":[{"@type":"SearchAction","target":{"@type":"EntryPoint","urlTemplate":"https:\/\/moulinsaintmichel.net\/en?s={search_term_string}"},"query-input":{"@type":"PropertyValueSpecification","valueRequired":true,"valueName":"search_term_string"}}],"inLanguage":"en-US"},{"@type":"Person","@id":"https:\/\/moulinsaintmichel.net\/en#\/schema\/person\/75978a27c29dc05e8aa1e2fc647655ef","name":"Bertrand","image":{"@type":"ImageObject","inLanguage":"en-US","@id":"https:\/\/secure.gravatar.com\/avatar\/184b3aaae0dd6f3055b37793ad398e9d6ec9605b76f21a513a72004092af87a4?s=96&d=mm&r=g","url":"https:\/\/secure.gravatar.com\/avatar\/184b3aaae0dd6f3055b37793ad398e9d6ec9605b76f21a513a72004092af87a4?s=96&d=mm&r=g","contentUrl":"https:\/\/secure.gravatar.com\/avatar\/184b3aaae0dd6f3055b37793ad398e9d6ec9605b76f21a513a72004092af87a4?s=96&d=mm&r=g","caption":"Bertrand"},"sameAs":["http:\/\/refonte.moulinsaintmichel.net"]}]}},"_links":{"self":[{"href":"https:\/\/moulinsaintmichel.net\/en\/wp-json\/wp\/v2\/posts\/5889","targetHints":{"allow":["GET"]}}],"collection":[{"href":"https:\/\/moulinsaintmichel.net\/en\/wp-json\/wp\/v2\/posts"}],"about":[{"href":"https:\/\/moulinsaintmichel.net\/en\/wp-json\/wp\/v2\/types\/post"}],"author":[{"embeddable":true,"href":"https:\/\/moulinsaintmichel.net\/en\/wp-json\/wp\/v2\/users\/1"}],"replies":[{"embeddable":true,"href":"https:\/\/moulinsaintmichel.net\/en\/wp-json\/wp\/v2\/comments?post=5889"}],"version-history":[{"count":0,"href":"https:\/\/moulinsaintmichel.net\/en\/wp-json\/wp\/v2\/posts\/5889\/revisions"}],"wp:attachment":[{"href":"https:\/\/moulinsaintmichel.net\/en\/wp-json\/wp\/v2\/media?parent=5889"}],"wp:term":[{"taxonomy":"category","embeddable":true,"href":"https:\/\/moulinsaintmichel.net\/en\/wp-json\/wp\/v2\/categories?post=5889"},{"taxonomy":"post_tag","embeddable":true,"href":"https:\/\/moulinsaintmichel.net\/en\/wp-json\/wp\/v2\/tags?post=5889"}],"curies":[{"name":"wp","href":"https:\/\/api.w.org\/{rel}","templated":true}]}}